{"id":3805,"__str__":"Indica\u00e7\u00e3o n\u00ba 65 de 2025","link_detail_backend":"/materia/3805","metadata":{"signs":{"texto_original":{"admin":[],"autores":[["Alessandro Matos do Nascimento",["2025-02-17T11:12:17-03:00","ICP-Brasil - AC SyngularID Multipla"]]]}}},"numero":65,"ano":2025,"numero_protocolo":null,"data_apresentacao":"2025-02-17","tipo_apresentacao":"E","data_publicacao":null,"numero_origem_externa":"","ano_origem_externa":null,"data_origem_externa":null,"apelido":"","dias_prazo":null,"data_fim_prazo":null,"em_tramitacao":true,"polemica":false,"objeto":"","complementar":false,"ementa":"Indica \u00e0 Secretaria de Infraestrutura e Servi\u00e7os, a revitaliza\u00e7\u00e3o da Pra\u00e7a Sebasti\u00e3o J\u00fanior, localizada no cruzamento da Av. Ministro Jo\u00e3o Alberto com a Rua Mato Grosso e a Rua XV de Novembro, para a realiza\u00e7\u00e3o de atividades culturais e oficinas comunit\u00e1rias.","indexacao":"Indica \u00e0 Secretaria de Infraestrutura e Servi\u00e7os a revitaliza\u00e7\u00e3o da Pra\u00e7a Sebasti\u00e3o J\u00fanior, localizada no cruzamento da Av. Ministro Jo\u00e3o Alberto com a Rua Mato Grosso e a Rua XV de Novembro, para a realiza\u00e7\u00e3o de atividades culturais e oficinas comunit\u00e1rias.","observacao":"","resultado":"","texto_original":"http://sapl.barradogarcas.mt.leg.br/media/sapl/public/materialegislativa/2025/3805/indicacao_065_-_alex_matos_-_praca_sebastiao_junior.pdf","data_ultima_atualizacao":"2025-06-06T12:41:28.558641-03:00","ip":"45.228.105.12","ultima_edicao":"2025-02-17T17:55:32.548987-03:00","tipo":8,"regime_tramitacao":1,"tipo_origem_externa":null,"local_origem_externa":null,"user":38,"anexadas":[],"autores":[1]}