{"id":3804,"__str__":"Indica\u00e7\u00e3o n\u00ba 64 de 2025","link_detail_backend":"/materia/3804","metadata":{"signs":{"texto_original":{"admin":[],"autores":[["Alessandro Matos do Nascimento",["2025-02-17T13:59:42-03:00","ICP-Brasil - AC SyngularID Multipla"]]]}}},"numero":64,"ano":2025,"numero_protocolo":null,"data_apresentacao":"2025-02-17","tipo_apresentacao":"E","data_publicacao":null,"numero_origem_externa":"","ano_origem_externa":null,"data_origem_externa":null,"apelido":"","dias_prazo":null,"data_fim_prazo":null,"em_tramitacao":true,"polemica":false,"objeto":"","complementar":false,"ementa":"Indica \u00e0 Secretaria de Infraestrutura e Servi\u00e7os, a revitaliza\u00e7\u00e3o das faixas de pedestres em frente ao Ganha Tempo, localizado na Av. Salom\u00e9 Jos\u00e9 Rodrigues, no Centro.","indexacao":"Indica \u00e0 Secretaria de Infraestrutura e Servi\u00e7os a revitaliza\u00e7\u00e3o das faixas de pedestres em frente ao Ganha Tempo, localizado na Av. Salom\u00e9 Jos\u00e9 Rodrigues, no Centro.","observacao":"","resultado":"","texto_original":"http://sapl.barradogarcas.mt.leg.br/media/sapl/public/materialegislativa/2025/3804/indicacao_064_-_alex_matos_-_faixa_de_pedestres_av._salome_1.pdf","data_ultima_atualizacao":"2025-03-14T15:58:30.138519-03:00","ip":"45.228.105.12","ultima_edicao":"2025-02-17T18:45:35.938048-03:00","tipo":8,"regime_tramitacao":1,"tipo_origem_externa":null,"local_origem_externa":null,"user":38,"anexadas":[],"autores":[1]}