{"id":3795,"__str__":"Mo\u00e7\u00e3o n\u00ba 8 de 2025","link_detail_backend":"/materia/3795","metadata":{"signs":{"texto_original":{"admin":[],"autores":[["Alessandro Matos do Nascimento",["2025-02-13T17:11:06-03:00","ICP-Brasil - AC SyngularID Multipla"]]]}}},"numero":8,"ano":2025,"numero_protocolo":null,"data_apresentacao":"2025-02-17","tipo_apresentacao":"E","data_publicacao":null,"numero_origem_externa":"","ano_origem_externa":null,"data_origem_externa":null,"apelido":"","dias_prazo":null,"data_fim_prazo":null,"em_tramitacao":true,"polemica":false,"objeto":"","complementar":false,"ementa":"Cumprimento e parabenizo os membros e a institui\u00e7\u00e3o Rotaract Club de Barra do Gar\u00e7as, que desempenham um brilhante servi\u00e7o \u00e0 popula\u00e7\u00e3o barra-garcense, reconhecendo o trabalho prestado com dedica\u00e7\u00e3o e excel\u00eancia.","indexacao":"Cumprimento e parabenizo os membros e a institui\u00e7\u00e3o ROTARACT CLUB DE BARRA DO GAR\u00c7AS, que desempenham um brilhante servi\u00e7o \u00e0 popula\u00e7\u00e3o barra-garcense, reconhecendo o trabalho prestado com dedica\u00e7\u00e3o e excel\u00eancia. S\u00e3o congratulados os seguintes:\r\n01) ALANA NASCIMENTO VASCO MENDES\r\n02) ANA KAROLINA FERREIRA DE SOUZA\r\n03) ANG\u00c9LICA REIS DE SOUSA\r\n04) ELOIZA DE LIMA MORAES\r\n05) EMILLY APARECIDA REZENDE BIFF\r\n06) JADE CAMILA SIM\u00d5ES DE ALMEIDA\r\n07) JHONATHAN CESAR DIAS DA SILVA\r\n08) JOS\u00c9 VITOR RODRIGUES COSTA\r\n09) KAREN REGINA GON\u00c7ALVES ROCHA\r\n10) LUCIANO MIZAEL DA SILVA JUNIOR\r\n11) MARCELLA FERNANDA MARQUES SOARES\r\n12) MATHEUS FELIPE TEODORO CORREIA\r\n13) RAFAELA FRATINI BELZUNCES\r\n14) TAYNARA SANTOS SANTANA\r\n15) VIT\u00d3RIA SILVEIRA MARTINS\r\n16) YASMIN KAMILLY GON\u00c7ALVES NASCIMENTO","observacao":"","resultado":"","texto_original":"http://sapl.barradogarcas.mt.leg.br/media/sapl/public/materialegislativa/2025/3795/mocao_008-_alex_matos_-_membros_rotaract_club.pdf","data_ultima_atualizacao":"2025-02-20T18:45:40.517261-03:00","ip":"45.228.105.12","ultima_edicao":"2025-02-17T19:05:27.430303-03:00","tipo":7,"regime_tramitacao":1,"tipo_origem_externa":null,"local_origem_externa":null,"user":38,"anexadas":[],"autores":[1]}