{"id":3779,"__str__":"Indica\u00e7\u00e3o n\u00ba 43 de 2025","link_detail_backend":"/materia/3779","metadata":{"signs":{"texto_original":{"admin":[],"autores":[["Hiago Teles Alves",["2025-02-17T13:20:24-03:00","Gov-Br"]]]}}},"numero":43,"ano":2025,"numero_protocolo":null,"data_apresentacao":"2025-02-17","tipo_apresentacao":"E","data_publicacao":null,"numero_origem_externa":"","ano_origem_externa":null,"data_origem_externa":null,"apelido":"","dias_prazo":null,"data_fim_prazo":null,"em_tramitacao":true,"polemica":false,"objeto":"","complementar":false,"ementa":"Indica \u00e0 Secretaria Municipal de Infraestrutura e Servi\u00e7os, com c\u00f3pia para a Secretaria de Desenvolvimento Urbano e Sustent\u00e1vel, a instala\u00e7\u00e3o de passarelas cimentadas ao longo de toda a Avenida Presidente Vargas, que interliga os bairros Nova Barra, S\u00e3o Jos\u00e9 e Vila Maria, visando oferecer um espa\u00e7o adequado para caminhada. Al\u00e9m disso, recomenda-se a implanta\u00e7\u00e3o de arbustos, bancos e postes de ilumina\u00e7\u00e3o ao longo das passarelas, proporcionando mais conforto, seguran\u00e7a e qualidade de vida aos pedestres.","indexacao":"Indica \u00e0 Secretaria Municipal de Infraestrutura e Servi\u00e7os, com c\u00f3pia para a Secretaria de Desenvolvimento Urbano e Sustent\u00e1vel, a instala\u00e7\u00e3o de passarelas cimentadas ao longo de toda a Avenida Presidente Vargas, que interliga os bairros Nova Barra, S\u00e3o Jos\u00e9 e Vila Maria, visando oferecer um espa\u00e7o adequado para caminhada. Al\u00e9m disso, recomenda-se a implanta\u00e7\u00e3o de arbustos, bancos e postes de ilumina\u00e7\u00e3o ao longo das passarelas, proporcionando mais conforto, seguran\u00e7a e qualidade de vida aos pedestres.","observacao":"","resultado":"","texto_original":"http://sapl.barradogarcas.mt.leg.br/media/sapl/public/materialegislativa/2025/3779/indicacao_043_-_hiago_teles_-_instalacao_de_passarela_assinado.pdf","data_ultima_atualizacao":"2025-06-26T13:28:22.532486-03:00","ip":"45.228.105.160","ultima_edicao":"2025-02-17T14:30:50.903637-03:00","tipo":8,"regime_tramitacao":1,"tipo_origem_externa":null,"local_origem_externa":null,"user":18,"anexadas":[],"autores":[84]}