{"id":3778,"__str__":"Indica\u00e7\u00e3o n\u00ba 42 de 2025","link_detail_backend":"/materia/3778","metadata":{"signs":{"texto_original":{"admin":[],"autores":[["Hiago Teles Alves",["2025-02-17T13:20:24-03:00","Gov-Br"]]]}}},"numero":42,"ano":2025,"numero_protocolo":null,"data_apresentacao":"2025-02-17","tipo_apresentacao":"E","data_publicacao":null,"numero_origem_externa":"","ano_origem_externa":null,"data_origem_externa":null,"apelido":"","dias_prazo":null,"data_fim_prazo":null,"em_tramitacao":true,"polemica":false,"objeto":"","complementar":false,"ementa":"Indica \u00e0 Secretaria Municipal de Infraestrutura e Servi\u00e7os a instala\u00e7\u00e3o de faixas de pedestres ao longo de toda a Avenida Presidente Vargas, que interliga os bairros Nova Barra, S\u00e3o Jos\u00e9 e Vila Maria, bem como a instala\u00e7\u00e3o de faixa de pedestre no Anel Vi\u00e1rio, que faz a liga\u00e7\u00e3o com a Av. Presidente Vargas.","indexacao":"Indica \u00e0 Secretaria Municipal de Infraestrutura e Servi\u00e7os a instala\u00e7\u00e3o de faixas de pedestres ao longo de toda a Avenida Presidente Vargas, que interliga os bairros Nova Barra, S\u00e3o Jos\u00e9 e Vila Maria, bem como a instala\u00e7\u00e3o de faixa de pedestre no Anel Vi\u00e1rio, que faz a liga\u00e7\u00e3o com a Av. Presidente Vargas.","observacao":"","resultado":"","texto_original":"http://sapl.barradogarcas.mt.leg.br/media/sapl/public/materialegislativa/2025/3778/indicacao_042_-_hiago_teles_-_instalacao_de_faixa_de_pedestres_assinado.pdf","data_ultima_atualizacao":"2025-06-11T16:11:34.292386-03:00","ip":"45.228.105.160","ultima_edicao":"2025-02-17T14:25:21.214001-03:00","tipo":8,"regime_tramitacao":1,"tipo_origem_externa":null,"local_origem_externa":null,"user":18,"anexadas":[],"autores":[84]}