{"id":3769,"__str__":"Mo\u00e7\u00e3o n\u00ba 6 de 2025","link_detail_backend":"/materia/3769","metadata":{"signs":{"texto_original":{"admin":[],"autores":[["Hiago Teles Alves",["2025-02-17T13:30:33-03:00","Gov-Br"]]]}}},"numero":6,"ano":2025,"numero_protocolo":null,"data_apresentacao":"2025-02-17","tipo_apresentacao":"E","data_publicacao":null,"numero_origem_externa":"","ano_origem_externa":null,"data_origem_externa":null,"apelido":"","dias_prazo":null,"data_fim_prazo":null,"em_tramitacao":true,"polemica":false,"objeto":"","complementar":false,"ementa":"Cumprimento e parabenizo os senhores membros da Comiss\u00e3o do Seletivo e Capacita\u00e7\u00e3o TAADIS, que desempenham um brilhante servi\u00e7o \u00e0 popula\u00e7\u00e3o por integrarem o seletivo de capacita\u00e7\u00e3o, bem como por participarem da respectiva comiss\u00e3o. Reconhe\u00e7o o trabalho prestado com dedica\u00e7\u00e3o e excel\u00eancia.","indexacao":"Cumprimento e parabenizo os senhores membros da Comiss\u00e3o do Seletivo e Capacita\u00e7\u00e3o TAADIS, que desempenham um brilhante servi\u00e7o \u00e0 popula\u00e7\u00e3o por integrarem o seletivo de capacita\u00e7\u00e3o, bem como por participarem da respectiva comiss\u00e3o. Reconhe\u00e7o o trabalho prestado com dedica\u00e7\u00e3o e excel\u00eancia.","observacao":"","resultado":"","texto_original":"http://sapl.barradogarcas.mt.leg.br/media/sapl/public/materialegislativa/2025/3769/mocao_006-_hiago_teles_-_membros_da_comissao_taadis_assinado.pdf","data_ultima_atualizacao":"2025-02-20T18:45:40.259101-03:00","ip":"45.228.105.12","ultima_edicao":"2025-02-17T18:59:37.486015-03:00","tipo":7,"regime_tramitacao":1,"tipo_origem_externa":null,"local_origem_externa":null,"user":38,"anexadas":[],"autores":[84]}