{"id":3766,"__str__":"Mo\u00e7\u00e3o n\u00ba 3 de 2025","link_detail_backend":"/materia/3766","metadata":{"signs":{"texto_original":{"admin":[],"autores":[["Maria Silvania Araujo Ramos",["2025-02-13T16:14:45-03:00","ICP-Brasil"]]]}}},"numero":3,"ano":2025,"numero_protocolo":null,"data_apresentacao":"2025-02-17","tipo_apresentacao":"E","data_publicacao":null,"numero_origem_externa":"","ano_origem_externa":null,"data_origem_externa":null,"apelido":"","dias_prazo":null,"data_fim_prazo":null,"em_tramitacao":true,"polemica":false,"objeto":"","complementar":false,"ementa":"Cumprimento e parabenizo o Prefeito Dr. Adilson Gon\u00e7alves de Macedo, Vice-Prefeito Sivirino Souza dos Santos e Deputado Jos\u00e9 Eug\u00eanio de Paiva (Dr. Eug\u00eanio), pela idealiza\u00e7\u00e3o e cria\u00e7\u00e3o do novo Lar \u201cBem Estar\", o Lar dos Idosos em Barra do Gar\u00e7as - MT.","indexacao":"Cumprimento e parabenizo o prefeito Dr. Adilson Gon\u00e7alves de Macedo, vice-prefeito Sivirino Souza dos Santos e Deputado Jos\u00e9 Eug\u00eanio de Paiva (Dr. Eug\u00eanio), pela idealiza\u00e7\u00e3o e cria\u00e7\u00e3o do novo Lar \u201cBem Estar\", o Lar dos Idosos em Barra do Gar\u00e7as - MT.","observacao":"","resultado":"","texto_original":"http://sapl.barradogarcas.mt.leg.br/media/sapl/public/materialegislativa/2025/3766/moa_a_o_003-_maria_silvania_-_lar_dos_idosos.pdf","data_ultima_atualizacao":"2025-02-20T18:45:39.762813-03:00","ip":"45.228.105.12","ultima_edicao":"2025-02-17T18:56:39.873554-03:00","tipo":7,"regime_tramitacao":1,"tipo_origem_externa":null,"local_origem_externa":null,"user":38,"anexadas":[],"autores":[86]}