{"id":3765,"__str__":"Mo\u00e7\u00e3o n\u00ba 2 de 2025","link_detail_backend":"/materia/3765","metadata":{"signs":{"texto_original":{"admin":[],"autores":[["Maria Silvania Araujo Ramos",["2025-02-13T16:14:23-03:00","ICP-Brasil"]]]}}},"numero":2,"ano":2025,"numero_protocolo":null,"data_apresentacao":"2025-02-17","tipo_apresentacao":"E","data_publicacao":null,"numero_origem_externa":"","ano_origem_externa":null,"data_origem_externa":null,"apelido":"","dias_prazo":null,"data_fim_prazo":null,"em_tramitacao":true,"polemica":false,"objeto":"","complementar":false,"ementa":"Cumprimento e parabenizo ao Vice-Prefeito Sivirino Souza dos Santos, na \u00e9poca ainda Secret\u00e1rio de Educa\u00e7\u00e3o, por receber o Selo Ouro pelo reconhecimento ao trabalho de alfabetiza\u00e7\u00e3o das crian\u00e7as realizado no munic\u00edpio. O pr\u00eamio \u00e9 institu\u00eddo pelo programa Selo Nacional Compromisso com a Alfabetiza\u00e7\u00e3o e busca incentivar a ado\u00e7\u00e3o de pol\u00edticas p\u00fablicas voltadas \u00e0 educa\u00e7\u00e3o.","indexacao":"Cumprimento e parabenizo ao vice-prefeito Sivirino Souza dos Santos, na \u00e9poca ainda Secret\u00e1rio de Educa\u00e7\u00e3o, por receber o Selo Ouro pelo reconhecimento ao trabalho de alfabetiza\u00e7\u00e3o das crian\u00e7as realizado no munic\u00edpio. O pr\u00eamio \u00e9 institu\u00eddo pelo programa Selo Nacional Compromisso com a Alfabetiza\u00e7\u00e3o e busca incentivar a ado\u00e7\u00e3o de pol\u00edticas p\u00fablicas voltadas \u00e0 educa\u00e7\u00e3o.","observacao":"","resultado":"","texto_original":"http://sapl.barradogarcas.mt.leg.br/media/sapl/public/materialegislativa/2025/3765/moa_a_o_002_-_maria_silvania_-_selo_de_ouro_na_educaa_a_o.pdf","data_ultima_atualizacao":"2025-02-20T18:45:39.589511-03:00","ip":"45.228.105.12","ultima_edicao":"2025-02-17T18:56:02.905561-03:00","tipo":7,"regime_tramitacao":1,"tipo_origem_externa":null,"local_origem_externa":null,"user":38,"anexadas":[],"autores":[86]}