{"id":3512,"__str__":"Projeto de Lei Ordin\u00e1ria (origem: Legislativo) n\u00ba 31 de 2024","link_detail_backend":"/materia/3512","metadata":{},"numero":31,"ano":2024,"numero_protocolo":null,"data_apresentacao":"2024-10-23","tipo_apresentacao":"E","data_publicacao":null,"numero_origem_externa":"","ano_origem_externa":null,"data_origem_externa":null,"apelido":"","dias_prazo":null,"data_fim_prazo":null,"em_tramitacao":false,"polemica":false,"objeto":"","complementar":false,"ementa":"Declara o \u201cCaldo do ZucAna\u00b4s Caldos\u201d, Patrim\u00f4nio Hist\u00f3rico e Cultural Imaterial do Munic\u00edpio de Barra do Gar\u00e7as-MT.","indexacao":"Fica declarado o \u201cCALDO DO ZUCANA\u00b4S CALDOS\u201d como Patrim\u00f4nio Hist\u00f3rico e Cultural Imaterial do Munic\u00edpio de Barra do Gar\u00e7as \u2013 MT.","observacao":"","resultado":"","texto_original":"http://sapl.barradogarcas.mt.leg.br/media/sapl/public/materialegislativa/2024/3512/pl_031_de_22_de_outubro_de_2024_legislativo.pdf","data_ultima_atualizacao":"2024-12-02T14:10:45.291930-03:00","ip":"45.228.105.160","ultima_edicao":"2024-10-23T17:28:15.797304-03:00","tipo":1,"regime_tramitacao":1,"tipo_origem_externa":null,"local_origem_externa":null,"user":34,"anexadas":[],"autores":[54]}