{"id":3476,"__str__":"Indica\u00e7\u00e3o n\u00ba 319 de 2024","link_detail_backend":"/materia/3476","metadata":{"signs":{"texto_original":{"admin":[],"autores":[["Pedro Ferreira da Silva Filho",["2024-10-14T14:42:19-03:00","ICP-Brasil - Certificado PF A1"]]]}}},"numero":319,"ano":2024,"numero_protocolo":null,"data_apresentacao":"2024-10-14","tipo_apresentacao":"E","data_publicacao":null,"numero_origem_externa":"","ano_origem_externa":null,"data_origem_externa":null,"apelido":"","dias_prazo":null,"data_fim_prazo":null,"em_tramitacao":true,"polemica":false,"objeto":"","complementar":false,"ementa":"Indico \u00e0 Mesa, ap\u00f3s cumprimento das formalidades regimentais e delibera\u00e7\u00e3o do Plen\u00e1rio, que seja encaminhado expediente ao Chefe do Poder Executivo Municipal, a fim de solicitar estudo de viabilidade para as adequa\u00e7\u00f5es necess\u00e1rias no posicionamento da faixa de pedestre na Avenida Ministro Jo\u00e3o Alberto esquina com Rua XV de novembro, no centro de Barra do Gar\u00e7as. Atualmente, a faixa se encontra muito pr\u00f3xima \u00e0\r\nesquina, o que representa um risco significativo para os pedestres que circulam nesta \u00e1rea.","indexacao":"Indico \u00e0 Mesa, ap\u00f3s cumprimento das formalidades regimentais e delibera\u00e7\u00e3o do Plen\u00e1rio, que seja encaminhado expediente ao Chefe do Poder Executivo Municipal, a fim de solicitar estudo de viabilidade para as adequa\u00e7\u00f5es necess\u00e1rias no posicionamento da faixa de pedestre na Avenida Ministro Jo\u00e3o Alberto esquina com Rua XV de novembro, no centro de Barra do Gar\u00e7as. Atualmente, a faixa se encontra muito pr\u00f3xima \u00e0\r\nesquina, o que representa um risco significativo para os pedestres que circulam nesta \u00e1rea.","observacao":"","resultado":"","texto_original":"http://sapl.barradogarcas.mt.leg.br/media/sapl/public/materialegislativa/2024/3476/indicacao_-_faixa_de_pedestres_pedro_filho.pdf","data_ultima_atualizacao":"2024-10-15T16:36:24.974366-03:00","ip":"45.228.105.160","ultima_edicao":"2024-10-14T15:06:45.469536-03:00","tipo":8,"regime_tramitacao":1,"tipo_origem_externa":null,"local_origem_externa":null,"user":18,"anexadas":[],"autores":[46]}