{"id":3419,"__str__":"Requerimento n\u00ba 34 de 2024","link_detail_backend":"/materia/3419","metadata":{"signs":{"texto_original":{"admin":[],"autores":[["Pedro Ferreira da Silva Filho",["2024-08-30T14:23:32-03:00","ICP-Brasil - Certificado PF A1"]]]}}},"numero":34,"ano":2024,"numero_protocolo":null,"data_apresentacao":"2024-08-30","tipo_apresentacao":"E","data_publicacao":null,"numero_origem_externa":"","ano_origem_externa":null,"data_origem_externa":null,"apelido":"","dias_prazo":null,"data_fim_prazo":null,"em_tramitacao":true,"polemica":false,"objeto":"","complementar":false,"ementa":"Requeiro \u00e0 Mesa, ap\u00f3s cumprimento das formalidades regimentais e delibera\u00e7\u00e3o do Plen\u00e1rio, que seja encaminhado expediente a Operadora Claro de Telefonia, com c\u00f3pia a Ag\u00eancia Nacional de Telecomunica\u00e7\u00e3o - ANATEL, requerendo que sejam implementadas medidas corretivas e melhorias necess\u00e1rias para restabelecer e aprimorar a cobertura do sinal de telefonia m\u00f3vel em toda a \u00e1rea do Distrito do Vale dos Sonhos, Munic\u00edpio de Barra do Gar\u00e7as-MT, o que diminuiu o alcance ap\u00f3s substitui\u00e7\u00e3o pela antena definitiva. Requeiro ainda, que ap\u00f3s realizadas as a\u00e7\u00f5es, seja encaminhado ao subscritor, relat\u00f3rio com as medidas utilizadas e resultados obtidos.","indexacao":"Requeiro \u00e0 Mesa, ap\u00f3s cumprimento das formalidades regimentais e delibera\u00e7\u00e3o do Plen\u00e1rio, que seja encaminhado expediente a Operadora Claro de Telefonia, com c\u00f3pia a Ag\u00eancia Nacional de Telecomunica\u00e7\u00e3o - ANATEL, requerendo que sejam implementadas medidas corretivas e melhorias necess\u00e1rias para restabelecer e aprimorar a cobertura do sinal de telefonia m\u00f3vel em toda a \u00e1rea do Distrito do Vale dos Sonhos, Munic\u00edpio de Barra do Gar\u00e7as-MT, o que diminuiu o alcance ap\u00f3s substitui\u00e7\u00e3o pela antena definitiva. Requeiro ainda, que ap\u00f3s realizadas as a\u00e7\u00f5es, seja encaminhado ao subscritor, relat\u00f3rio com as medidas utilizadas e resultados obtidos.","observacao":"","resultado":"","texto_original":"http://sapl.barradogarcas.mt.leg.br/media/sapl/public/materialegislativa/2024/3419/requerimento_i_pedro_filho_-_assinado.pdf","data_ultima_atualizacao":"2024-09-03T18:26:09.531413-03:00","ip":"45.228.105.160","ultima_edicao":"2024-08-30T15:34:25.380506-03:00","tipo":3,"regime_tramitacao":1,"tipo_origem_externa":null,"local_origem_externa":null,"user":18,"anexadas":[],"autores":[46]}