{"id":3054,"__str__":"Indica\u00e7\u00e3o n\u00ba 170 de 2024","link_detail_backend":"/materia/3054","metadata":{},"numero":170,"ano":2024,"numero_protocolo":null,"data_apresentacao":"2024-04-04","tipo_apresentacao":"E","data_publicacao":null,"numero_origem_externa":"","ano_origem_externa":null,"data_origem_externa":null,"apelido":"","dias_prazo":null,"data_fim_prazo":null,"em_tramitacao":true,"polemica":false,"objeto":"","complementar":false,"ementa":"Indica ao Chefe do Poder Executivo Municipal, com c\u00f3pias \u00e0 Secretaria Municipal de Assist\u00eancia Social, Mulher e Promo\u00e7\u00e3o da Igualdade Racial e \u00e0 Secretaria Municipal de Sa\u00fade, solicitando a elabora\u00e7\u00e3o do \u201cKit Inclus\u00e3o\u201d, destinado \u00e0s pessoas com defici\u00eancias ocultas, nas Institui\u00e7\u00f5es de Ensino P\u00fablico do Munic\u00edpio de Barra do Gar\u00e7as-MT.","indexacao":"Indica ao Chefe do Poder Executivo Municipal, com c\u00f3pias \u00e0 Secretaria Municipal de Assist\u00eancia Social, Mulher e Promo\u00e7\u00e3o da Igualdade Racial e \u00e0 Secretaria Municipal de Sa\u00fade, solicitando a elabora\u00e7\u00e3o do \u201cKit Inclus\u00e3o\u201d, destinado \u00e0s pessoas com defici\u00eancias ocultas, nas Institui\u00e7\u00f5es de Ensino P\u00fablico do Munic\u00edpio de Barra do Gar\u00e7as-MT, devendo conter os seguintes itens:","observacao":"","resultado":"","texto_original":"http://sapl.barradogarcas.mt.leg.br/media/sapl/public/materialegislativa/2024/3054/indicacao_-_kit_inclusao_ze_gota_e_vereadores.pdf","data_ultima_atualizacao":"2024-05-14T18:09:41.644896-03:00","ip":"45.228.105.160","ultima_edicao":"2024-05-14T18:09:41.537849-03:00","tipo":8,"regime_tramitacao":1,"tipo_origem_externa":null,"local_origem_externa":null,"user":34,"anexadas":[],"autores":[44,45,56,51,54,50,47,62,60,59,15,46,52,55,49]}