{"id":3004,"__str__":"Indica\u00e7\u00e3o n\u00ba 151 de 2024","link_detail_backend":"/materia/3004","metadata":{},"numero":151,"ano":2024,"numero_protocolo":null,"data_apresentacao":"2024-03-25","tipo_apresentacao":"E","data_publicacao":null,"numero_origem_externa":"","ano_origem_externa":null,"data_origem_externa":null,"apelido":"","dias_prazo":null,"data_fim_prazo":null,"em_tramitacao":true,"polemica":false,"objeto":"","complementar":false,"ementa":"Indica \u00e0 Mesa, ap\u00f3s cumprimento das formalidades regimentais e delibera\u00e7\u00e3o do Plen\u00e1rio, que seja enviado expediente ao Chefe do Poder Executivo Municipal, a fim de reiterar a Indica\u00e7\u00e3o 593/2022 e 428/2023 apresentada por mim e aprovada \u00e0 \u00e9poca, em que se solicita imediata coloca\u00e7\u00e3o de redutores de velocidade e de faixas de pedestres, assim como sinaliza\u00e7\u00e3o vertical, pr\u00f3ximo a Associa\u00e7\u00e3o dos Cegos.","indexacao":"Indica \u00e0 Mesa, ap\u00f3s cumprimento das formalidades regimentais e delibera\u00e7\u00e3o do Plen\u00e1rio, que seja enviado expediente ao Chefe do Poder Executivo Municipal, a fim de reiterar a Indica\u00e7\u00e3o 593/2022 e 428/2023 apresentada por mim e aprovada \u00e0 \u00e9poca, em que se solicita imediata coloca\u00e7\u00e3o de redutores de velocidade e de faixas de pedestres, assim como sinaliza\u00e7\u00e3o vertical, pr\u00f3ximo a Associa\u00e7\u00e3o dos Cegos.","observacao":"","resultado":"","texto_original":"http://sapl.barradogarcas.mt.leg.br/media/sapl/public/materialegislativa/2024/3004/indicacao_-_reiteracao_ii_pedro_filho.pdf","data_ultima_atualizacao":"2024-05-14T17:01:10.634671-03:00","ip":"45.228.105.160","ultima_edicao":"2024-05-14T17:01:10.510427-03:00","tipo":8,"regime_tramitacao":1,"tipo_origem_externa":null,"local_origem_externa":null,"user":34,"anexadas":[],"autores":[46]}