{"id":2986,"__str__":"Indica\u00e7\u00e3o n\u00ba 143 de 2024","link_detail_backend":"/materia/2986","metadata":{},"numero":143,"ano":2024,"numero_protocolo":null,"data_apresentacao":"2024-03-20","tipo_apresentacao":"E","data_publicacao":null,"numero_origem_externa":"","ano_origem_externa":null,"data_origem_externa":null,"apelido":"","dias_prazo":null,"data_fim_prazo":null,"em_tramitacao":false,"polemica":false,"objeto":"","complementar":false,"ementa":"Indica \u00e0 Secretaria de Transporte e Servi\u00e7os P\u00fablicos, solicitando a coloca\u00e7\u00e3o de faixas de pedestres, redutores de velocidade e uma adequada sinaliza\u00e7\u00e3o de tr\u00e2nsito na Avenida Salom\u00e9 Jos\u00e9 Rodrigues, no trecho compreendido entre o Ganha Tempo e o Posto de Combust\u00edveis localizado nessa via, em atendimento \u00e0 demanda do mun\u00edcipe Cl\u00e1udio.","indexacao":"Indica \u00e0 Secretaria de Transporte e Servi\u00e7os P\u00fablicos, solicitando a coloca\u00e7\u00e3o de faixas de pedestres, redutores de velocidade e uma adequada sinaliza\u00e7\u00e3o de tr\u00e2nsito na Avenida Salom\u00e9 Jos\u00e9 Rodrigues, no trecho compreendido entre o Ganha Tempo e o Posto de Combust\u00edveis localizado nessa via, em atendimento \u00e0 demanda do mun\u00edcipe Cl\u00e1udio.","observacao":"","resultado":"","texto_original":"http://sapl.barradogarcas.mt.leg.br/media/sapl/public/materialegislativa/2024/2986/indicacao_-_faixa_de_pedestres_dr._neto.pdf","data_ultima_atualizacao":"2024-03-26T14:33:21.072263-03:00","ip":"45.228.105.160","ultima_edicao":"2024-03-20T16:15:26.538145-03:00","tipo":8,"regime_tramitacao":1,"tipo_origem_externa":null,"local_origem_externa":null,"user":18,"anexadas":[],"autores":[51]}