{"id":2537,"__str__":"Indica\u00e7\u00e3o n\u00ba 787 de 2023","link_detail_backend":"/materia/2537","metadata":{},"numero":787,"ano":2023,"numero_protocolo":null,"data_apresentacao":"2023-11-13","tipo_apresentacao":"E","data_publicacao":null,"numero_origem_externa":"","ano_origem_externa":null,"data_origem_externa":null,"apelido":"","dias_prazo":null,"data_fim_prazo":null,"em_tramitacao":true,"polemica":false,"objeto":"","complementar":false,"ementa":"Indico \u00e0 Mesa, ap\u00f3s cumprimento das formalidades regimentais e delibera\u00e7\u00e3o do Plen\u00e1rio, que seja encaminhado expediente ao Chefe do Poder Executivo Municipal, a fim de reiterar as indica\u00e7\u00f5es de n\u00famero 223/2021 e 058/2022 apresentadas por mim e aprovadas por unanimidade, onde solicita-se a implanta\u00e7\u00e3o de manta asf\u00e1ltica na extremidade da Rua Sul, Jardim das Mangueiras, pr\u00f3ximo a unidade b\u00e1sica de sa\u00fade e ap\u00f3s o cruzamento com a Rua Prefeito Almante Cipriano de Carvalho, segmento de terra ao lado da Igreja Assembleia de Deus como consta na localiza\u00e7\u00e3o anexa.","indexacao":"Indico \u00e0 Mesa, ap\u00f3s cumprimento das formalidades regimentais e delibera\u00e7\u00e3o do Plen\u00e1rio, que seja encaminhado expediente ao Chefe do Poder Executivo Municipal, a fim de reiterar as indica\u00e7\u00f5es de n\u00famero 223/2021 e 058/2022 apresentadas por mim e aprovadas por unanimidade, onde solicita-se a implanta\u00e7\u00e3o de manta asf\u00e1ltica na extremidade da Rua Sul, Jardim das Mangueiras, pr\u00f3ximo a unidade b\u00e1sica de sa\u00fade e ap\u00f3s o cruzamento com a Rua Prefeito Almante Cipriano de Carvalho, segmento de terra ao lado da Igreja Assembleia de Deus como consta na localiza\u00e7\u00e3o anexa.","observacao":"","resultado":"","texto_original":"http://sapl.barradogarcas.mt.leg.br/media/sapl/public/materialegislativa/2023/2537/indicacao_-_reiteracao_ii_pedro_filho.pdf","data_ultima_atualizacao":"2024-05-15T15:59:51.710724-03:00","ip":"45.228.105.160","ultima_edicao":"2024-05-15T15:59:51.552552-03:00","tipo":8,"regime_tramitacao":1,"tipo_origem_externa":null,"local_origem_externa":null,"user":34,"anexadas":[],"autores":[46]}