{"id":2500,"__str__":"Indica\u00e7\u00e3o n\u00ba 768 de 2023","link_detail_backend":"/materia/2500","metadata":{},"numero":768,"ano":2023,"numero_protocolo":null,"data_apresentacao":"2023-11-01","tipo_apresentacao":"E","data_publicacao":null,"numero_origem_externa":"","ano_origem_externa":null,"data_origem_externa":null,"apelido":"","dias_prazo":null,"data_fim_prazo":null,"em_tramitacao":false,"polemica":false,"objeto":"","complementar":false,"ementa":"Indica \u00e0 Secretaria Municipal de Transporte e Servi\u00e7os P\u00fablicos, com c\u00f3pia ao Chefe do Poder Executivo Municipal, que seja realizada a Amplia\u00e7\u00e3o da Avenida Cel. Ant\u00f4nio Cristino Cort\u00eas esquina com a Rua WJ, no Bairro Santa Rosa, conforme imagem anexa.","indexacao":"Indica \u00e0 Secretaria Municipal de Transporte e Servi\u00e7os P\u00fablicos, com c\u00f3pia ao Chefe do Poder Executivo Municipal, que seja realizada a Amplia\u00e7\u00e3o da Avenida Cel. Ant\u00f4nio Cristino Cort\u00eas esquina com a Rua WJ, no Bairro Santa Rosa, conforme imagem anexa.","observacao":"","resultado":"","texto_original":"http://sapl.barradogarcas.mt.leg.br/media/sapl/public/materialegislativa/2023/2500/indicacao_-_ampliacao_paulo_bento.pdf","data_ultima_atualizacao":"2023-11-07T12:50:55.464255-03:00","ip":"45.228.105.160","ultima_edicao":"2023-11-01T17:57:18.808036-03:00","tipo":8,"regime_tramitacao":1,"tipo_origem_externa":null,"local_origem_externa":null,"user":18,"anexadas":[],"autores":[59]}