{"id":2498,"__str__":"Indica\u00e7\u00e3o n\u00ba 766 de 2023","link_detail_backend":"/materia/2498","metadata":{},"numero":766,"ano":2023,"numero_protocolo":null,"data_apresentacao":"2023-11-01","tipo_apresentacao":"E","data_publicacao":null,"numero_origem_externa":"","ano_origem_externa":null,"data_origem_externa":null,"apelido":"","dias_prazo":null,"data_fim_prazo":null,"em_tramitacao":false,"polemica":false,"objeto":"","complementar":false,"ementa":"Indica \u00e0 Secretaria Municipal de Transporte e Servi\u00e7os P\u00fablicos, solicitando a coloca\u00e7\u00e3o de lombadas na Rua 21, no Bairro Anchieta, atendendo a demanda da mun\u00edcipe Laura Farias Santos.","indexacao":"Indica \u00e0 Secretaria Municipal de Transporte e Servi\u00e7os P\u00fablicos, solicitando a coloca\u00e7\u00e3o de lombadas na Rua 21, no Bairro Anchieta, atendendo a demanda da mun\u00edcipe Laura Farias Santos.","observacao":"","resultado":"","texto_original":"http://sapl.barradogarcas.mt.leg.br/media/sapl/public/materialegislativa/2023/2498/indicacao_-_lombadas_dr.pdf","data_ultima_atualizacao":"2023-11-07T12:50:55.084665-03:00","ip":"45.228.105.160","ultima_edicao":"2023-11-01T17:39:48.994128-03:00","tipo":8,"regime_tramitacao":1,"tipo_origem_externa":null,"local_origem_externa":null,"user":18,"anexadas":[],"autores":[51]}