{"id":2391,"__str__":"Mo\u00e7\u00e3o n\u00ba 106 de 2023","link_detail_backend":"/materia/2391","metadata":{},"numero":106,"ano":2023,"numero_protocolo":null,"data_apresentacao":"2023-10-16","tipo_apresentacao":"E","data_publicacao":null,"numero_origem_externa":"","ano_origem_externa":null,"data_origem_externa":null,"apelido":"","dias_prazo":null,"data_fim_prazo":null,"em_tramitacao":false,"polemica":false,"objeto":"","complementar":false,"ementa":"Cumprimento e parabenizo a fam\u00edlia Miranda, fundadores da Igreja Batista de Barra do Gar\u00e7as-MT, pelos trabalhos prestados \u00e0 popula\u00e7\u00e3o barragarcense, sendo os congratulados:\r\n\r\n1)\tRui Miranda \r\n2)\tMiriam Miranda\r\n3)\tElda Miranda","indexacao":"Cumprimento e parabenizo a fam\u00edlia Miranda, fundadores da Igreja Batista de Barra do Gar\u00e7as-MT, pelos trabalhos prestados \u00e0 popula\u00e7\u00e3o barragarcense, sendo os congratulados:\r\n\r\n1)\tRui Miranda \r\n2)\tMiriam Miranda\r\n3)\tElda Miranda","observacao":"","resultado":"","texto_original":"http://sapl.barradogarcas.mt.leg.br/media/sapl/public/materialegislativa/2023/2391/mocao_i_secreta.pdf","data_ultima_atualizacao":"2023-10-17T12:47:29.943752-03:00","ip":"45.228.105.160","ultima_edicao":"2023-10-16T16:03:28.199217-03:00","tipo":7,"regime_tramitacao":1,"tipo_origem_externa":null,"local_origem_externa":null,"user":18,"anexadas":[],"autores":[55]}