{"id":2381,"__str__":"Mo\u00e7\u00e3o n\u00ba 104 de 2023","link_detail_backend":"/materia/2381","metadata":{},"numero":104,"ano":2023,"numero_protocolo":null,"data_apresentacao":"2023-10-11","tipo_apresentacao":"E","data_publicacao":null,"numero_origem_externa":"","ano_origem_externa":null,"data_origem_externa":null,"apelido":"","dias_prazo":null,"data_fim_prazo":null,"em_tramitacao":false,"polemica":false,"objeto":"","complementar":false,"ementa":"Indico \u00e0 Mesa, ap\u00f3s cumprimento das formalidades regimentais e delibera\u00e7\u00f5es do Plen\u00e1rio, que seja encaminhada MO\u00c7\u00c3O DE APLAUSOS e CONGRATULA\u00c7\u00d5ES, \u00e0 valorosa equipe que trabalhou na Elei\u00e7\u00e3o para escolha dos membros do Conselho Tutelar.","indexacao":"Indico \u00e0 Mesa, ap\u00f3s cumprimento das formalidades regimentais e delibera\u00e7\u00f5es do Plen\u00e1rio, que seja encaminhada MO\u00c7\u00c3O DE APLAUSOS e CONGRATULA\u00c7\u00d5ES, \u00e0 valorosa equipe que trabalhou na Elei\u00e7\u00e3o para escolha dos membros do Conselho Tutelar.","observacao":"","resultado":"","texto_original":"http://sapl.barradogarcas.mt.leg.br/media/sapl/public/materialegislativa/2023/2381/mocao-_pedro-filho_.doc-07.pdf","data_ultima_atualizacao":"2023-10-17T12:47:29.699904-03:00","ip":"45.228.105.160","ultima_edicao":"2023-10-11T18:06:11.077918-03:00","tipo":7,"regime_tramitacao":1,"tipo_origem_externa":null,"local_origem_externa":null,"user":18,"anexadas":[],"autores":[46]}