{"id":2359,"__str__":"Mo\u00e7\u00e3o n\u00ba 101 de 2023","link_detail_backend":"/materia/2359","metadata":{},"numero":101,"ano":2023,"numero_protocolo":null,"data_apresentacao":"2023-10-09","tipo_apresentacao":"E","data_publicacao":null,"numero_origem_externa":"","ano_origem_externa":null,"data_origem_externa":null,"apelido":"","dias_prazo":null,"data_fim_prazo":null,"em_tramitacao":false,"polemica":false,"objeto":"","complementar":false,"ementa":"Cumprimento e parabenizo o novo Coordenador Executivo da Coordenadoria Municipal de Prote\u00e7\u00e3o e Defesa Civil, o Ilustr\u00edssimo Senhor YGOR VINICIUS MARQUES CARDOSO, pelo novo cargo assumido.","indexacao":"Cumprimento e parabenizo o novo Coordenador Executivo da Coordenadoria Municipal de Prote\u00e7\u00e3o e Defesa Civil, o Ilustr\u00edssimo Senhor YGOR VINICIUS MARQUES CARDOSO, pelo novo cargo assumido.","observacao":"","resultado":"","texto_original":"http://sapl.barradogarcas.mt.leg.br/media/sapl/public/materialegislativa/2023/2359/mocao_murilo_valoes_-_vereadores.pdf","data_ultima_atualizacao":"2023-10-10T12:56:22.989496-03:00","ip":"45.228.105.160","ultima_edicao":"2023-10-09T16:53:53.559594-03:00","tipo":7,"regime_tramitacao":1,"tipo_origem_externa":null,"local_origem_externa":null,"user":18,"anexadas":[],"autores":[44,45,56,51,54,50,47,62,60,59,15,46,52,55,49]}