{"id":2345,"__str__":"Indica\u00e7\u00e3o n\u00ba 696 de 2023","link_detail_backend":"/materia/2345","metadata":{},"numero":696,"ano":2023,"numero_protocolo":null,"data_apresentacao":"2023-10-06","tipo_apresentacao":"E","data_publicacao":null,"numero_origem_externa":"","ano_origem_externa":null,"data_origem_externa":null,"apelido":"","dias_prazo":null,"data_fim_prazo":null,"em_tramitacao":true,"polemica":false,"objeto":"","complementar":false,"ementa":"Indico \u00e0 Mesa, ap\u00f3s cumprimento das formalidades regimentais e delibera\u00e7\u00e3o do Plen\u00e1rio, que seja enviado expediente ao PODER EXECUTIVO MUNICIPAL, em especial \u00e0 SECRETARIA MUNICIPAL DE EDUCA\u00c7\u00c3O, afim de que realize estudo de viabilidade para aumentar o p\u00e9 direito, com alteamento do telhado na Creche Prof\u00aa Carmina Santis Bosaipo, Bairro Anchieta, em nosso Munic\u00edpio","indexacao":"Indico \u00e0 Mesa, ap\u00f3s cumprimento das formalidades regimentais e delibera\u00e7\u00e3o do Plen\u00e1rio, que seja enviado expediente ao PODER EXECUTIVO MUNICIPAL, em especial \u00e0 SECRETARIA MUNICIPAL DE EDUCA\u00c7\u00c3O, afim de que realize estudo de viabilidade para aumentar o p\u00e9 direito, com alteamento do telhado na Creche Prof\u00aa Carmina Santis Bosaipo, Bairro Anchieta, em nosso Munic\u00edpio","observacao":"","resultado":"","texto_original":"http://sapl.barradogarcas.mt.leg.br/media/sapl/public/materialegislativa/2023/2345/indicacao_-_creche_pedro_filho.pdf","data_ultima_atualizacao":"2024-05-15T15:39:53.999292-03:00","ip":"45.228.105.160","ultima_edicao":"2024-05-15T15:39:53.853067-03:00","tipo":8,"regime_tramitacao":1,"tipo_origem_externa":null,"local_origem_externa":null,"user":34,"anexadas":[],"autores":[46]}