{"id":2319,"__str__":"Projeto de Resolu\u00e7\u00e3o n\u00ba 42 de 2023","link_detail_backend":"/materia/2319","metadata":{},"numero":42,"ano":2023,"numero_protocolo":null,"data_apresentacao":"2023-10-02","tipo_apresentacao":"E","data_publicacao":null,"numero_origem_externa":"","ano_origem_externa":null,"data_origem_externa":null,"apelido":"","dias_prazo":null,"data_fim_prazo":null,"em_tramitacao":false,"polemica":false,"objeto":"","complementar":false,"ementa":"Outorga Comenda de M\u00e9rito Legislativo Municipal \u201cCEL. ANT\u00d4NIO CRISTINO CORTES\u201d ao Ilustr\u00edssimo Senhor Jos\u00e9 Nogueira de Moraes.","indexacao":"Fica outorgada a Comenda de M\u00e9rito Legislativo Municipal \u201cCEL. ANT\u00d4NIO CRISTINO CORTES\u201d ao Ilustr\u00edssimo Senhor Jos\u00e9 Nogueira de Moraes, em reconhecimento aos relevantes servi\u00e7os prestados ao Munic\u00edpio de Barra do Gar\u00e7as \u2013 MT.","observacao":"","resultado":"","texto_original":"http://sapl.barradogarcas.mt.leg.br/media/sapl/public/materialegislativa/2023/2319/pr_042_de_02_de_outubro_de_2023.pdf","data_ultima_atualizacao":"2023-10-10T12:23:05.233132-03:00","ip":"45.228.105.160","ultima_edicao":"2023-10-02T12:57:28.417503-03:00","tipo":2,"regime_tramitacao":1,"tipo_origem_externa":null,"local_origem_externa":null,"user":14,"anexadas":[],"autores":[51]}