{"id":2302,"__str__":"Mo\u00e7\u00e3o n\u00ba 89 de 2023","link_detail_backend":"/materia/2302","metadata":{},"numero":89,"ano":2023,"numero_protocolo":null,"data_apresentacao":"2023-09-22","tipo_apresentacao":"E","data_publicacao":null,"numero_origem_externa":"","ano_origem_externa":null,"data_origem_externa":null,"apelido":"","dias_prazo":null,"data_fim_prazo":null,"em_tramitacao":false,"polemica":false,"objeto":"","complementar":false,"ementa":"Indico \u00e0 Mesa, ap\u00f3s cumprimento das formalidades regimentais e delibera\u00e7\u00e3o do Plen\u00e1rio, que seja encaminhada MO\u00c7\u00c3O DE APLAUSOS E CONGRATULA\u00c7\u00d5ES aos profissionais da \u00e1rea cont\u00e1bil, abaixo relacionados, parabenizando-os pelos \u2018Dia do Contabilista\u2019 e pelos relevantes servi\u00e7os prestados ao Munic\u00edpio de Barra do Gar\u00e7as-MT.\r\nELEN MENDES LOPES \u2013 Contadora;\r\nDIVINO FERREIRA LEAL \u2013 Contador;\r\nVANDERLEIA VIEIRA DA PURIFICA\u00c7\u00c3O \u2013 Contadora;\r\nCLEBIO GERALDO GUIMAR\u00c3ES GAIA \u2013 Contador;\r\nJEOVANI CAMPOS DA CRUZ \u2013 Contador.","indexacao":"Indico \u00e0 Mesa, ap\u00f3s cumprimento das formalidades regimentais e delibera\u00e7\u00e3o do Plen\u00e1rio, que seja encaminhada MO\u00c7\u00c3O DE APLAUSOS E CONGRATULA\u00c7\u00d5ES aos profissionais da \u00e1rea cont\u00e1bil, abaixo relacionados, parabenizando-os pelos \u2018Dia do Contabilista\u2019 e pelos relevantes servi\u00e7os prestados ao Munic\u00edpio de Barra do Gar\u00e7as-MT.\r\nELEN MENDES LOPES \u2013 Contadora;\r\nDIVINO FERREIRA LEAL \u2013 Contador;\r\nVANDERLEIA VIEIRA DA PURIFICA\u00c7\u00c3O \u2013 Contadora;\r\nCLEBIO GERALDO GUIMAR\u00c3ES GAIA \u2013 Contador;\r\nJEOVANI CAMPOS DA CRUZ \u2013 Contador.","observacao":"","resultado":"","texto_original":"http://sapl.barradogarcas.mt.leg.br/media/sapl/public/materialegislativa/2023/2302/mocao_ii_paulo_bento.pdf","data_ultima_atualizacao":"2023-09-26T14:00:20.777017-03:00","ip":"45.228.105.160","ultima_edicao":"2023-09-22T17:23:33.094523-03:00","tipo":7,"regime_tramitacao":1,"tipo_origem_externa":null,"local_origem_externa":null,"user":18,"anexadas":[],"autores":[59]}