{"id":2210,"__str__":"Indica\u00e7\u00e3o n\u00ba 630 de 2023","link_detail_backend":"/materia/2210","metadata":{},"numero":630,"ano":2023,"numero_protocolo":null,"data_apresentacao":"2023-09-01","tipo_apresentacao":"E","data_publicacao":null,"numero_origem_externa":"","ano_origem_externa":null,"data_origem_externa":null,"apelido":"","dias_prazo":null,"data_fim_prazo":null,"em_tramitacao":true,"polemica":false,"objeto":"","complementar":false,"ementa":"Indico \u00e0 Mesa, ap\u00f3s cumprimento das formalidades regimentais e delibera\u00e7\u00e3o do Plen\u00e1rio, que seja enviado expediente ao PODER EXECUTIVO MUNICIPAL, a fim de solicitar a previs\u00e3o de instala\u00e7\u00e3o de vidros, de modo a fechar todo o espa\u00e7o da Casa de Vel\u00f3rio, redimensionamento do Sistema de Ar Condicionado e instala\u00e7\u00e3o de assentos com encostos confort\u00e1veis.","indexacao":"Indico \u00e0 Mesa, ap\u00f3s cumprimento das formalidades regimentais e delibera\u00e7\u00e3o do Plen\u00e1rio, que seja enviado expediente ao PODER EXECUTIVO MUNICIPAL, a fim de solicitar a previs\u00e3o de instala\u00e7\u00e3o de vidros, de modo a fechar todo o espa\u00e7o da Casa de Vel\u00f3rio, redimensionamento do Sistema de Ar Condicionado e instala\u00e7\u00e3o de assentos com encostos confort\u00e1veis.","observacao":"","resultado":"","texto_original":"http://sapl.barradogarcas.mt.leg.br/media/sapl/public/materialegislativa/2023/2210/indicacao_-_casa_do_velorio_pedro_filho.pdf","data_ultima_atualizacao":"2024-05-15T15:36:34.104569-03:00","ip":"45.228.105.160","ultima_edicao":"2024-05-15T15:36:33.966900-03:00","tipo":8,"regime_tramitacao":1,"tipo_origem_externa":null,"local_origem_externa":null,"user":34,"anexadas":[],"autores":[46]}