{"id":1621,"__str__":"Indica\u00e7\u00e3o n\u00ba 269 de 2023","link_detail_backend":"/materia/1621","metadata":{},"numero":269,"ano":2023,"numero_protocolo":null,"data_apresentacao":"2023-04-10","tipo_apresentacao":"E","data_publicacao":null,"numero_origem_externa":"","ano_origem_externa":null,"data_origem_externa":null,"apelido":"","dias_prazo":null,"data_fim_prazo":null,"em_tramitacao":false,"polemica":false,"objeto":"","complementar":false,"ementa":"Indico \u00e0 Mesa, ap\u00f3s cumprimento das formalidades regimentais e delibera\u00e7\u00e3o do Plen\u00e1rio, seja enviado expediente ao SECRET\u00c1RIO MUNICIPAL DE SA\u00daDE com c\u00f3pia ao PREFEITO MUNICIPAL, solicitando que determine ao Setor Competente em Regime de Urg\u00eancia o concerto dos ventiladores da recep\u00e7\u00e3o da Unidade de Pronto Atendimento \u2013 UPA de nossa Cidade.","indexacao":"Indico \u00e0 Mesa, ap\u00f3s cumprimento das formalidades regimentais e delibera\u00e7\u00e3o do Plen\u00e1rio, seja enviado expediente ao SECRET\u00c1RIO MUNICIPAL DE SA\u00daDE com c\u00f3pia ao PREFEITO MUNICIPAL, solicitando que determine ao Setor Competente em Regime de Urg\u00eancia o concerto dos ventiladores da recep\u00e7\u00e3o da Unidade de Pronto Atendimento \u2013 UPA de nossa Cidade.","observacao":"","resultado":"","texto_original":"http://sapl.barradogarcas.mt.leg.br/media/sapl/public/materialegislativa/2023/1621/indicacao_269-23_-_ronair.pdf","data_ultima_atualizacao":"2024-03-04T15:09:36.626735-03:00","ip":"45.228.105.160","ultima_edicao":"2023-04-10T17:50:54.315424-03:00","tipo":8,"regime_tramitacao":1,"tipo_origem_externa":null,"local_origem_externa":null,"user":18,"anexadas":[],"autores":[52]}