{"id":2240,"__str__":"Projeto de Lei Complementar Aprovado - 16 de 02/04/2025 por ","link_detail_backend":"/materia/documentoacessorio/2240","metadata":{},"nome":"16","data":"2025-04-02","autor":"","ementa":"DISP\u00d5E SOBRE AO REAJUSTE DO PISO SALARIAL PROFISSIONAL NACIONAL PARA OS PROFISSIONAIS DO MAGIST\u00c9RIO P\u00daBLICO E DE REAJUSTE DOS VENCIMENTOS DOS PROFISSIONAIS ADMINISTRATIVOS DA CARREIA DOS PROFISSIONAIS DA EDUCA\u00c7\u00c3O B\u00c1SICA MUNICIPAL E D\u00c1OUTRAS PROVID\u00caNCIAS.","indexacao":"DISP\u00d5E SOBRE AO REAJUSTE DO PISO SALARIAL PROFISSIONAL NACIONAL PARA OS PROFISSIONAIS DO MAGIST\u00c9RIO P\u00daBLICO E DE REAJUSTE DOS VENCIMENTOS DOS PROFISSIONAIS ADMINISTRATIVOS DA CARREIA DOS PROFISSIONAIS DA EDUCA\u00c7\u00c3O B\u00c1SICA MUNICIPAL E D\u00c1\r\nOUTRAS PROVID\u00caNCIAS.","arquivo":"http://sapl.barradogarcas.mt.leg.br/media/sapl/public/documentoacessorio/2025/2240/plc_exc_016-2025.pdf","data_ultima_atualizacao":"2025-04-02T15:01:41.608064-03:00","materia":4014,"tipo":27}