{"id":2191,"__str__":"Projeto de Lei Ordin\u00e1ria Aprovado - 12 de 25/03/2025 por ","link_detail_backend":"/materia/documentoacessorio/2191","metadata":{},"nome":"12","data":"2025-03-25","autor":"","ementa":"DISP\u00d5E SOBRE O ATENDIMENTO PRIORIT\u00c1RIO E ESPECIALIZADO \u00c0S PESSOAS COM DOEN\u00c7AS AUTOIMUNES NO MUNIC\u00cdPIO DE BARRA DO GAR\u00c7AS E\r\nD\u00c1 OUTRAS PROVID\u00caNCIAS.","indexacao":"DISP\u00d5E SOBRE O ATENDIMENTO PRIORIT\u00c1RIO E ESPECIALIZADO \u00c0S PESSOAS COM DOEN\u00c7AS AUTOIMUNES NO MUNIC\u00cdPIO DE BARRA DO GAR\u00c7AS E\r\nD\u00c1 OUTRAS PROVID\u00caNCIAS.","arquivo":"http://sapl.barradogarcas.mt.leg.br/media/sapl/public/documentoacessorio/2025/2191/pl_12-2025.pdf","data_ultima_atualizacao":"2025-03-25T15:10:32.072142-03:00","materia":3945,"tipo":25}