{"id":1780,"__str__":"Projeto de Lei Ordin\u00e1ria Aprovado - PL 037 de 16/12/2024 por Ver. Pedro Ferreira da Silva Filho","link_detail_backend":"/materia/documentoacessorio/1780","metadata":{},"nome":"PL 037","data":"2024-12-16","autor":"Ver. Pedro Ferreira da Silva Filho","ementa":"Disp\u00f5e sobre a oficializa\u00e7\u00e3o do hor\u00e1rio de Bras\u00edlia-DF como hor\u00e1rio Oficial no Munic\u00edpio de Barra do Gar\u00e7as-MT e d\u00e1 outras provid\u00eancias.","indexacao":"Fica institu\u00eddo o hor\u00e1rio de Bras\u00edlia (UTC-3) como hor\u00e1rio oficial para todas as atividades administrativas, comerciais, educacionais, culturais e demais eventos p\u00fablicos e privados no \u00e2mbito do munic\u00edpio de Barra do Gar\u00e7as-MT.","arquivo":"http://sapl.barradogarcas.mt.leg.br/media/sapl/public/documentoacessorio/2024/1780/projeto_de_lei_no_037-2024.pdf","data_ultima_atualizacao":"2024-12-16T13:16:08.218521-03:00","materia":3600,"tipo":25}