{"id":3227,"__str__":"Autoria: Jairo Gehm - Ata Eletr\u00f4nica da Sess\u00e3o Ordin\u00e1ria n\u00ba 102 de 2023","link_detail_backend":"/materia/autoria/3227","metadata":{},"primeiro_autor":true,"autor":47,"materia":1889}